{"id":145,"date":"2021-01-21T11:26:11","date_gmt":"2021-01-21T10:26:11","guid":{"rendered":"https:\/\/www.assotartufai.it\/?p=145"},"modified":"2021-05-07T13:25:12","modified_gmt":"2021-05-07T11:25:12","slug":"ulteriore-richiesta-per-apertura-stagione-regione-lazio-inviata-ai-seguenti-indirizzi-istituzionali","status":"publish","type":"post","link":"https:\/\/www.assotartufai.it\/en\/ulteriore-richiesta-per-apertura-stagione-regione-lazio-inviata-ai-seguenti-indirizzi-istituzionali\/","title":{"rendered":"Ulteriore richiesta per apertura stagione Regione Lazio inviata ai seguenti indirizzi istituzionali."},"content":{"rendered":"\n<p>Spett.li<br>Nicola Zingaretti Governatore Regione Lazio<br>Enrica Onorati Assessore agricoltura e ambiente<br>Mauro Buschini Presidente consiglio regionale<br>capigruppo:<br>Vincenzi Marco PD<br>Bonafoni Marta lista civica Zingaretti<br>Capriccioli Alessandro gruppo + europa radicali<br>Ciani Paolo gruppo Centro solidale<br>Ognibene Daniele Gruppo Liberi e Uguali<br>Lombardi Roberta Gruppo M5S<br>Simeone Giuseppe Gruppo Forza Italia<br>Tripodi Orlando Gruppo Lega<br>Ghera Fabrizio Gruppo Fratelli Italia<br>Parisi Stefano Gruppo Lazio 2018<\/p>\n\n\n\n<p>Da: Associazione Nazionale Tartufai Italiani<\/p>\n\n\n\n<p>oggetto: Richiesta urgente di decreto regionale sull\u2019attivit\u00e0 della cerca del tartufo nella Regione Lazio.<\/p>\n\n\n\n<p>Il DPCM 26 aprile prevede a partire dal 4 maggio spostamenti per svolgere attivit\u00e0 motorie, passeggiate nelle ville e nei parchi comunali ma non a livello regionale o interregionale ..Sono diverse le Regioni di Italia che hanno approvato delibere anche dopo i nostri chiarimenti in merito a questa attivit\u00e0.Dal nostro punto di vista riteniamo innocua la cerca del tartufo per quanto riguarda possibili controindicazioni epidemiologiche.<\/p>\n\n\n\n<p>Nonostante lo sforzo di pi\u00f9 associazioni chiediamo chiarimenti in merito alla mancata apertura della ricerca del Tuber Aestivum Vittadini nella Regione Lazio.<\/p>\n\n\n\n<p>La cerca del tartufo si fa nei boschi, nei pressi dei corsi d\u2019acqua e nelle valli, grazie all\u2019ausilio dei propri cani, ai quali il tartufaio \u00e8 particolarmente affezionato, \u00e8 un\u2019attivit\u00e0 che non prevede la possibilit\u00e0 di essere svolta in gruppo essendo il tartufaio particolarmente geloso delle proprie zone di ricerca, scoperte a volte per caso nelle lunghe passeggiate che lo legano ai propri cani.Le regole del distanziamento previste dai DPCM sono pi\u00f9 che applicate e rispettate da millenni e il contatto con boschi e valli non rende assolutamente pericolosa dal punto di vista epidemiologico questa attivit\u00e0 che si svolge in solitaria.<\/p>\n\n\n\n<p>Una delle regole della cerca del tartufo \u00e8 il calendario di raccolta che viene rigorosamente rispettato dai tartufai onesti, che nel Lazio doveva essere dal 1 maggio, stiamo registrando nella Regione numerosi fenomeni di bracconaggio che determinano la distruzione delle tartufaie naturali,<\/p>\n\n\n\n<p>Riteniamo che debba essere emanato un provvedimento urgente sull&#8217;apertura della stagione nella regione Lazio in considerazione della comprovata non pericolosit\u00e0 dal punto di vista epidemiologico ed anche considerato la diminuzione dei casi di contantagio nella stessa regione, sarebbe una misura da attuare immediatamente a nostro avviso, proprio a contrasto del bracconaggio dell\u2019importazione di tartufo e per l&#8217;economia su cui si poggia a favore di migliaia di tartufai della regione e dit tutta la filiera.<\/p>\n\n\n\n<p>Tenere chiusa o limitare la ricerca di questa attivit\u00e0 come sta gi\u00e0 avvenendo, potrebbe compromettere tutta la filiera del tartufo a partire dall\u2019industria di trasformazione, del turismo e sta gi\u00e0 pesando sulle economie famigliari gi\u00e0 rese fragili dal covid 19 e potrebbe scatenare in persone disoneste, come sta gi\u00e0 accadendo, un inaccettabile bracconaggio che comporterebbe con la zappatura senza cane delle tartufaie la perdite delle stesse.<\/p>\n\n\n\n<p>Sicuri di un Vostro intervento, rivolto a questa eccellenza tutta Italiana, anche se il nostro mercato \u00e8 ogni anno minacciato dall\u2019importazione di prodotti esteri rimaniamo in attesa fiduciosi di un vostro decreto regionale come provvedimento urgente da attuare e che ridia ossigeno a questa piccola attivit\u00e0 fatta da persone oneste e che contribuiscono al processo economico anche se in piccola parte necessario a far ripartire l&#8217;Italia.<\/p>\n\n\n\n<p>Riccardo Germani<br>Presidente<br>Associazione Nazionale Tartufai Italiani<\/p>\n","protected":false},"excerpt":{"rendered":"<p>Spett.liNicola Zingaretti Governatore Regione LazioEnrica Onorati Assessore agricoltura e ambienteMauro Buschini Presidente consiglio regionalecapigruppo:Vincenzi Marco PDBonafoni Marta lista civica ZingarettiCapriccioli Alessandro gruppo + europa radicaliCiani Paolo gruppo Centro solidaleOgnibene Daniele Gruppo Liberi e UgualiLombardi Roberta Gruppo M5SSimeone Giuseppe Gruppo Forza ItaliaTripodi Orlando Gruppo LegaGhera Fabrizio Gruppo Fratelli ItaliaParisi Stefano Gruppo Lazio 2018 Da: Associazione Nazionale [&hellip;]<\/p>\n","protected":false},"author":2,"featured_media":84,"comment_status":"closed","ping_status":"closed","sticky":false,"template":"","format":"standard","meta":{"site-sidebar-layout":"default","site-content-layout":"","ast-site-content-layout":"default","site-content-style":"default","site-sidebar-style":"default","ast-global-header-display":"","ast-banner-title-visibility":"","ast-main-header-display":"","ast-hfb-above-header-display":"","ast-hfb-below-header-display":"","ast-hfb-mobile-header-display":"","site-post-title":"","ast-breadcrumbs-content":"","ast-featured-img":"","footer-sml-layout":"","ast-disable-related-posts":"","theme-transparent-header-meta":"","adv-header-id-meta":"","stick-header-meta":"","header-above-stick-meta":"","header-main-stick-meta":"","header-below-stick-meta":"","astra-migrate-meta-layouts":"default","ast-page-background-enabled":"default","ast-page-background-meta":{"desktop":{"background-color":"","background-image":"","background-repeat":"repeat","background-position":"center center","background-size":"auto","background-attachment":"scroll","background-type":"","background-media":"","overlay-type":"","overlay-color":"","overlay-opacity":"","overlay-gradient":""},"tablet":{"background-color":"","background-image":"","background-repeat":"repeat","background-position":"center center","background-size":"auto","background-attachment":"scroll","background-type":"","background-media":"","overlay-type":"","overlay-color":"","overlay-opacity":"","overlay-gradient":""},"mobile":{"background-color":"","background-image":"","background-repeat":"repeat","background-position":"center center","background-size":"auto","background-attachment":"scroll","background-type":"","background-media":"","overlay-type":"","overlay-color":"","overlay-opacity":"","overlay-gradient":""}},"ast-content-background-meta":{"desktop":{"background-color":"var(--ast-global-color-5)","background-image":"","background-repeat":"repeat","background-position":"center center","background-size":"auto","background-attachment":"scroll","background-type":"","background-media":"","overlay-type":"","overlay-color":"","overlay-opacity":"","overlay-gradient":""},"tablet":{"background-color":"var(--ast-global-color-5)","background-image":"","background-repeat":"repeat","background-position":"center center","background-size":"auto","background-attachment":"scroll","background-type":"","background-media":"","overlay-type":"","overlay-color":"","overlay-opacity":"","overlay-gradient":""},"mobile":{"background-color":"var(--ast-global-color-5)","background-image":"","background-repeat":"repeat","background-position":"center center","background-size":"auto","background-attachment":"scroll","background-type":"","background-media":"","overlay-type":"","overlay-color":"","overlay-opacity":"","overlay-gradient":""}},"footnotes":""},"categories":[77,87],"tags":[],"_links":{"self":[{"href":"https:\/\/www.assotartufai.it\/en\/wp-json\/wp\/v2\/posts\/145"}],"collection":[{"href":"https:\/\/www.assotartufai.it\/en\/wp-json\/wp\/v2\/posts"}],"about":[{"href":"https:\/\/www.assotartufai.it\/en\/wp-json\/wp\/v2\/types\/post"}],"author":[{"embeddable":true,"href":"https:\/\/www.assotartufai.it\/en\/wp-json\/wp\/v2\/users\/2"}],"replies":[{"embeddable":true,"href":"https:\/\/www.assotartufai.it\/en\/wp-json\/wp\/v2\/comments?post=145"}],"version-history":[{"count":0,"href":"https:\/\/www.assotartufai.it\/en\/wp-json\/wp\/v2\/posts\/145\/revisions"}],"wp:featuredmedia":[{"embeddable":true,"href":"https:\/\/www.assotartufai.it\/en\/wp-json\/wp\/v2\/media\/84"}],"wp:attachment":[{"href":"https:\/\/www.assotartufai.it\/en\/wp-json\/wp\/v2\/media?parent=145"}],"wp:term":[{"taxonomy":"category","embeddable":true,"href":"https:\/\/www.assotartufai.it\/en\/wp-json\/wp\/v2\/categories?post=145"},{"taxonomy":"post_tag","embeddable":true,"href":"https:\/\/www.assotartufai.it\/en\/wp-json\/wp\/v2\/tags?post=145"}],"curies":[{"name":"wp","href":"https:\/\/api.w.org\/{rel}","templated":true}]}}